{"id":1072,"date":"2022-02-11T12:08:42","date_gmt":"2022-02-11T10:08:42","guid":{"rendered":"https:\/\/dynago.hu\/?p=1072"},"modified":"2023-02-14T17:42:18","modified_gmt":"2023-02-14T15:42:18","slug":"business-continuity-plan-a-mentomelleny-katasztrofa-eseten","status":"publish","type":"post","link":"https:\/\/dynago.hu\/en\/business-continuity-plan-a-mentomelleny-katasztrofa-eseten\/","title":{"rendered":"Business Continuity Plan &#8211; A ment\u0151mell\u00e9ny katasztr\u00f3fa eset\u00e9n"},"content":{"rendered":"<p style=\"text-align: justify;\"><strong>A trendeket tekintve egy\u00e9rtelm\u0171en l\u00e1that\u00f3 az az ir\u00e1ny, hogy feler\u0151s\u00f6dik az IT megold\u00e1sok szerepe, ha Business Continuity Plan-r\u0151l besz\u00e9l\u00fcnk. Egy ellen\u00e1ll\u00f3, biztons\u00e1gos \u00e9s m\u00e9gis rugalmas munkak\u00f6rnyezet alapelv\u00e1r\u00e1s lesz, kieg\u00e9sz\u00fclve a folyamatosan n\u00f6vekv\u0151 adatmennyis\u00e9g tov\u00e1bb\u00edt\u00e1si \u00e9s el\u00e9r\u00e9si ig\u00e9nyekkel.\u00a0Az \u00fczletmenet folytonoss\u00e1g t\u00f6bb mint n\u00e9ha biztons\u00e1gi ment\u00e9st v\u00e9gezni, de t\u00falmisztifik\u00e1lni sem kell.<\/strong><\/p>\n<p><!--more--><\/p>\n<p style=\"text-align: justify;\"><strong>Business Continuity Plan<\/strong><\/p>\n<p style=\"text-align: justify;\">N\u00e9zz\u00fck meg a Business Continuity Plan (BCP &#8211; \u00fczletmenet-folytonoss\u00e1g) \u00e9s Business Continuity Management (BCM) jelent\u0151s\u00e9g\u00e9t IT szempontb\u00f3l.<\/p>\n<p style=\"text-align: justify;\">El\u0151sz\u00f6r is fontos hangs\u00falyozni, hogy az \u00fczletmenet folytonoss\u00e1g t\u00f6bb mint biztons\u00e1gi ment\u00e9s \u00e9s helyre\u00e1ll\u00edt\u00e1s. Egyes fejleszt\u0151k tal\u00e1n t\u00fals\u00e1gosan leegyszer\u0171s\u00edtik a BCP-t, mivel csak egy biztons\u00e1gi ment\u00e9snek tekintik, amely sz\u00fcks\u00e9g eset\u00e9n az adatok \u00e9s\/vagy metaadatok vissza\u00e1ll\u00edt\u00e1s\u00e1ra haszn\u00e1lhat\u00f3. Mindek\u00f6zben m\u00e1s szak\u00e9rt\u0151k ink\u00e1bb a m\u00e1sik v\u00e9gletet k\u00e9pviselik, \u00e9s az \u00fczlet-folytonoss\u00e1gi tervez\u00e9st az \u00f6sszes alkalmaz\u00e1sfunkci\u00f3 100%-os rendelkez\u00e9sre \u00e1ll\u00e1s\u00e1nak k\u00e9pess\u00e9g\u00e9ben l\u00e1tj\u00e1k. A probl\u00e9ma ezzel a k\u00e9t n\u00e9zettel az, hogy az el\u0151bbi t\u00fal r\u00f6vidl\u00e1t\u00f3 ahhoz, hogy val\u00f3di megold\u00e1st jelentsen, az ut\u00f3bbi pedig t\u00fal sok k\u00edv\u00e1ns\u00e1gra \u00e9p\u00fcl ahhoz, hogy a val\u00f3 vil\u00e1gban gyakorlatias legyen.<\/p>\n<p style=\"text-align: justify;\"><em>\u201e<\/em><em>A BCP-r\u0151l val\u00f3 gondolkod\u00e1s megfelel\u0151 m\u00f3dja hasonl\u00f3 ahhoz a megk\u00f6zel\u00edt\u00e9shez, amelyet a biztos\u00edt\u00e1sok megk\u00f6t\u00e9sekor alkalmazunk: a d\u00f6nt\u00e9seket egy szerencs\u00e9tlen esem\u00e9ny p\u00e9nz\u00fcgyi hat\u00e1sa, a bek\u00f6vetkez\u00e9s val\u00f3sz\u00edn\u0171s\u00e9ge \u00e9s a k\u00f6lts\u00e9gek alapj\u00e1n hozza meg<\/em><em>.<\/em><em>\u201d<\/em><\/p>\n<p style=\"text-align: justify;\">A megfelel\u0151 m\u00e9ret\u0171 BCP-megold\u00e1s l\u00e9trehoz\u00e1s\u00e1hoz olyan m\u00f3dszertanra van sz\u00fcks\u00e9g, amely az adatvez\u00e9relt d\u00f6nt\u00e9sekre helyezi a hangs\u00falyt, \u00e9s elker\u00fcli az olyan d\u00f6nt\u00e9seket, amelyek felt\u00e9telez\u00e9seken alapulnak.<\/p>\n<p style=\"text-align: justify;\">A t\u00e9nyleges \u00fczleti ig\u00e9nyekhez igazod\u00f3 BCP-megold\u00e1s l\u00e9trehoz\u00e1s\u00e1nak m\u00f3dszertana n\u00e9gy f\u0151 f\u00e1zist foglal mag\u00e1ban: az \u00fczlet szempontj\u00e1b\u00f3l kritikus folyamatok \u00e9s adatok azonos\u00edt\u00e1sa, az \u00fczleti hat\u00e1sok meg\u00e9rt\u00e9se, az \u00fczlet-folytonoss\u00e1gi megold\u00e1s meghat\u00e1roz\u00e1sa \u00e9s v\u00e9grehajt\u00e1sa, valamint a szervezeti fegyelem megteremt\u00e9se.<\/p>\n<p style=\"text-align: justify;\">N\u00e9zz\u00fck sorban:<\/p>\n<p style=\"text-align: justify;\"><strong>Az \u00fczleti szempontb\u00f3l kritikus folyamatok \u00e9s adatok azonos\u00edt\u00e1sa<\/strong><\/p>\n<p style=\"text-align: justify;\">Annak pontos ismerete, hogy mely \u00fczleti folyamatok kritikusak sz\u00e1munkra, alapvet\u0151 fontoss\u00e1g\u00fa szempont, de nem elegend\u0151. Meg kell hat\u00e1rozni a folyamatokra alkalmazand\u00f3 szabv\u00e1nyokat is, mind a v\u00e1llalat, mind az \u00fcgyfelek szempontj\u00e1b\u00f3l. Emellett m\u00e1r a tervez\u00e9s korai szakasz\u00e1ban azonos\u00edtani kell a szab\u00e1lyoz\u00e1si \u00e9s megfelel\u0151s\u00e9gi k\u00f6vetelm\u00e9nyeket.<\/p>\n<p style=\"text-align: justify;\"><strong>Az \u00fczleti hat\u00e1sok meg\u00e9rt\u00e9se<\/strong><\/p>\n<p style=\"text-align: justify;\">Minden \u00fczleti felhaszn\u00e1l\u00f3 \u00fagy gondolja, hogy a saj\u00e1t folyamatai a legfontosabbak, ez\u00e9rt a kritikuss\u00e1g rangsorol\u00e1s\u00e1hoz meg kell \u00e9rteni a sz\u00e1mszer\u0171s\u00edthet\u0151 m\u00e9r\u0151sz\u00e1mokat.<\/p>\n<p style=\"text-align: justify;\">Egy m\u00e1sik fontos l\u00e9p\u00e9s ebben a szakaszban az \u00fczleti folyamatok rangsorol\u00e1sa a kock\u00e1zat s\u00falyoss\u00e1ga \u00e9s el\u0151fordul\u00e1s\u00e1nak val\u00f3sz\u00edn\u0171s\u00e9ge szerint Erre a rangsorol\u00e1sra az\u00e9rt van sz\u00fcks\u00e9g, hogy tudjuk, melyek azok az \u00fczleti folyamatok, amelyek val\u00f3ban kritikusak, melyek azok, amelyeket j\u00f3 lenne, \u00e9s melyek v\u00e1rhatnak egy k\u00e9s\u0151bbi BCP r\u00e9szek\u00e9nt. Ez a l\u00e9p\u00e9s seg\u00edt megfelel\u0151en meger\u0151s\u00edteni a v\u00e9gpontt\u00f3l v\u00e9gpontig tart\u00f3 folyamatot, \u00e9s a leggyeng\u00e9bb l\u00e1ncszemre \u00f6sszpontos\u00edtani.<\/p>\n<p style=\"text-align: justify;\"><strong>A BCP-megold\u00e1s meghat\u00e1roz\u00e1sa \u00e9s v\u00e9grehajt\u00e1sa<\/strong><\/p>\n<p style=\"text-align: justify;\">Enn\u00e9l a l\u00e9p\u00e9sn\u00e9l elegend\u0151 inform\u00e1ci\u00f3val kell rendelkeznie ahhoz, hogy megkezdj\u00fck a BCP-megold\u00e1s meghat\u00e1roz\u00e1s\u00e1t \u00e9s v\u00e9grehajt\u00e1s\u00e1t. A BCP k\u00fcl\u00f6n megold\u00e1sokat tartalmaz majd a biztons\u00e1gi ment\u00e9sre\/helyre\u00e1ll\u00edt\u00e1sra \u00e9s a magas rendelkez\u00e9sre \u00e1ll\u00e1sra (ha sz\u00fcks\u00e9ges). Tov\u00e1bbi k\u00f6z\u00f6s tev\u00e9kenys\u00e9gek ezen a ponton a BCP-csapat szerep\u00e9nek \u00e9s felel\u0151ss\u00e9gi k\u00f6r\u00e9nek meghat\u00e1roz\u00e1sa, bels\u0151 \u00e9s k\u00fcls\u0151 BCP-kommunik\u00e1ci\u00f3s tervek, valamint a BCP rendszeres integr\u00e1lt tesztel\u00e9se.<\/p>\n<p style=\"text-align: justify;\"><strong>Szervezeti fegyelem<\/strong><\/p>\n<p style=\"text-align: justify;\">Az \u00f6sszes eddigi l\u00e9p\u00e9s egy olyan csapatra t\u00e1maszkodik, amely k\u00e9pes arra, hogy a szervezetet az emberek, folyamatok, tud\u00e1s \u00e9s technol\u00f3gia optim\u00e1lis felhaszn\u00e1l\u00e1sa mellett \u00e9rt\u00e9kelje, rangsorolja, v\u00e9grehajtsa \u00e9s kommunik\u00e1lja.<\/p>\n<p style=\"text-align: justify;\"><strong>Biztons\u00e1gi ment\u00e9s \u00e9s helyre\u00e1ll\u00edt\u00e1s<\/strong><\/p>\n<p style=\"text-align: justify;\">B\u00e1r a biztons\u00e1gi ment\u00e9s \u00e9s a helyre\u00e1ll\u00edt\u00e1s technikailag a BCP k\u00e9t k\u00fcl\u00f6nb\u00f6z\u0151 aspektusa, a legt\u00f6bb terv eset\u00e9ben ezeket egy\u00fctt lehet figyelembe venni, mivel ugyanazok az \u00fczleti \u00e9s megfelel\u0151s\u00e9gi k\u00f6vetelm\u00e9nyek vonatkoznak r\u00e1juk, \u00e9s a kett\u0151 v\u00e9grehajt\u00e1s\u00e1hoz sz\u00fcks\u00e9ges technol\u00f3gia ugyanaz lesz. Kiv\u00e9teles esetekben nem ugyanazok; ez akkor fordulhat el\u0151, ha \u00f6sszetett adatintegr\u00e1ci\u00f3kr\u00f3l van sz\u00f3, vagy ha a biztons\u00e1gi ment\u00e9si eszk\u00f6z nem rendelkezik helyre\u00e1ll\u00edt\u00e1si funkci\u00f3val.<\/p>\n<p style=\"text-align: justify;\"><strong>\u00dczletmenet-folytonoss\u00e1g az Azure-ral <\/strong><\/p>\n<p style=\"text-align: justify;\">Egy kifinomult eszk\u00f6zk\u00e9szlet seg\u00edts\u00e9g\u00e9vel minden (bels\u0151 \u00e9s k\u00fcls\u0151) szolg\u00e1ltat\u00e1s egyedileg lek\u00e9pezhet\u0151 \u00e9s megoszthat\u00f3 egy sor megfelel\u0151s\u00e9gi eszk\u00f6zzel, amelyek az adatv\u00e9delem, a biztons\u00e1g, a Business Continuity Management \u00e9s m\u00e1s k\u00e9rd\u00e9sekkel foglalkoznak. Ez biztos\u00edtja, hogy minden szolg\u00e1ltat\u00e1s t\u00edpus\u00e1t\u00f3l vagy kritikuss\u00e1g\u00e1t\u00f3l f\u00fcggetlen\u00fcl minden m\u00e1s eszk\u00f6z sz\u00e1m\u00e1ra megoszthat\u00f3 metaadatokat tartalmazzon.<\/p>\n<p style=\"text-align: justify;\">A Microsoft Business Continuity Management programja k\u00f6veti az \u00f6sszes ipar\u00e1gi \u00e9s korm\u00e1nyzati szabv\u00e1nyt &#8211; a szolg\u00e1ltat\u00e1sok azonos\u00edt\u00e1s\u00e1t, a hat\u00e1s kisz\u00e1m\u00edt\u00e1s\u00e1t (helyre\u00e1ll\u00edt\u00e1si id\u0151t\u00e1v vagy helyre\u00e1ll\u00edt\u00e1si pont c\u00e9lok), a f\u00fcgg\u0151s\u00e9gek felt\u00e9rk\u00e9pez\u00e9s\u00e9t, a konkr\u00e9t katasztr\u00f3fa ut\u00e1ni helyre\u00e1ll\u00edt\u00e1si terveket \u00e9s ezek tesztel\u00e9s\u00e9t. Ezeket a terveket minden szinten fel\u00fclvizsg\u00e1lj\u00e1k, \u00e9s \u00e1tfog\u00f3 v\u00e9gpontt\u00f3l v\u00e9gpontig tart\u00f3 tesztel\u00e9ssel ellen\u0151rzik.<\/p>\n<p style=\"text-align: justify;\">Maga a program t\u00f6bb tucat ipar\u00e1gi \u00e9s korm\u00e1nyzati tan\u00fas\u00edtv\u00e1nyt szerzett, k\u00f6zt\u00fck az ISO 22301 szabv\u00e1nyt, amely a program \u00e1ltal el\u00e9rhet\u0151 legmagasabb szabv\u00e1ny. Val\u00f3j\u00e1ban az Azure a mai napig az egyetlen felh\u0151szolg\u00e1ltat\u00f3, amely el\u00e9rte ezt a min\u0151s\u00edt\u00e9st.<\/p>\n<p style=\"text-align: justify;\">Az <strong>Azure Site Recovery (ASR)<\/strong> az az eszk\u00f6z, amellyel seg\u00edthet online tartani a munkaterhel\u00e9st, ha a legrosszabb bek\u00f6vetkezik.\u00a0 Az Azure Site Recovery k\u00e9pes replik\u00e1lni a munkaterhel\u00e9seket az els\u0151dleges telephelyr\u0151l (helyben vagy Azure-ban) egy m\u00e1sodlagos helyre.\u00a0 Ha pedig meghib\u00e1sod\u00e1s k\u00f6vetkezik be, akkor a katasztr\u00f3fa ut\u00e1ni helyre\u00e1ll\u00edt\u00e1si tervre hivatkozhat, \u00e9s az ASR \u00e1t\u00e1ll a m\u00e1sodlagos helyre, ami azt jelenti, hogy tov\u00e1bb dolgozhat, \u00e9s amikor az els\u0151dleges hely \u00fajra m\u0171k\u00f6d\u0151k\u00e9pes lesz, akkor vissza\u00e1llhat.<\/p>\n<p style=\"text-align: justify;\">Az ASR lehet\u0151v\u00e9 teszi a Windows vagy Linux alap\u00fa sz\u00e1m\u00edt\u00f3g\u00e9pek, fizikai szerverek, VMware vagy Hyper-V v\u00e9delm\u00e9t. Emellett j\u00f3l integr\u00e1lhat\u00f3 az olyan alkalmaz\u00e1sokkal, mint a SharePoint, Exchange, Dynamics, SQL Server \u00e9s Active Directory, valamint az Oracle SAP \u00e9s Red Hat.<\/p>\n<p style=\"text-align: justify;\"><strong>Teh\u00e1t akkor mekkora lufit f\u00fajjunk a probl\u00e9m\u00e1nak?<\/strong><\/p>\n<p style=\"text-align: justify;\">Az \u00fczletmenet-folytonoss\u00e1gi tervez\u00e9s ijeszt\u0151 feladat lehet, k\u00fcl\u00f6n\u00f6sen akkor, ha nincs tapasztalata a v\u00e1llalatvezet\u00e9snek a BCP-megold\u00e1sok kialak\u00edt\u00e1s\u00e1ban &#8211; vagy ha nincs BCP-tapasztalata felh\u0151alap\u00fa sz\u00e1m\u00edt\u00e1stechnikai platformon. A legfontosabb, hogy szervezett m\u00f3don, a d\u00f6nt\u00e9sek ment\u00e9n tervezze meg, hogy mire van val\u00f3ban sz\u00fcks\u00e9ge az \u00fczletnek, \u00e9s ne tegyen feltev\u00e9seket val\u00f3di p\u00e9nz\u00fcgyi elemz\u00e9s n\u00e9lk\u00fcl. Legyen terve a BCP ki\u00e9p\u00edt\u00e9s\u00e9re, hogy meg tudja indokolni \u00e9s meg tudja v\u00e9deni a meghozott d\u00f6nt\u00e9seket. L\u00e9nyeg\u00e9ben ne \u00e9p\u00edtsen tengerj\u00e1r\u00f3 haj\u00f3t, ha csak kompra van sz\u00fcks\u00e9ge, de arra is \u00fcgyeljen, hogy ne maradjon ment\u0151mell\u00e9ny n\u00e9lk\u00fcl. A DynaGo szak\u00e9rt\u0151 csapata hat\u00e9konyan \u00e9s hossz\u00fat\u00e1von t\u00e1mogatja \u00fcgyfelei sikereit, keressen minket bizalommal!<\/p>\n<p style=\"text-align: justify;\">Olvassa el kor\u00e1bbi cikkeinket is: Kulcs\u00e1r Melinda, a DynaGo \u00fcgyvezet\u0151 igazgat\u00f3ja <a href=\"https:\/\/dynago.hu\/mostanra-lett-csak-igazan-huzoagazat-az-informatika\/\">augusztusi interj\u00faj\u00e1ban<\/a> a szektor j\u00f6v\u0151j\u00e9r\u0151l, ir\u00e1nyv\u00e1lt\u00e1sokr\u00f3l besz\u00e9l.<\/p>\n","protected":false},"excerpt":{"rendered":"<p>A trendeket tekintve egy\u00e9rtelm\u0171en l\u00e1that\u00f3 az az ir\u00e1ny, hogy feler\u0151s\u00f6dik az IT megold\u00e1sok szerepe, ha Business Continuity Plan-r\u0151l besz\u00e9l\u00fcnk. Egy ellen\u00e1ll\u00f3, biztons\u00e1gos \u00e9s m\u00e9gis rugalmas munkak\u00f6rnyezet alapelv\u00e1r\u00e1s lesz, kieg\u00e9sz\u00fclve a folyamatosan n\u00f6vekv\u0151 adatmennyis\u00e9g tov\u00e1bb\u00edt\u00e1si \u00e9s el\u00e9r\u00e9si ig\u00e9nyekkel.\u00a0Az \u00fczletmenet folytonoss\u00e1g t\u00f6bb mint n\u00e9ha biztons\u00e1gi ment\u00e9st v\u00e9gezni, de t\u00falmisztifik\u00e1lni sem kell.<\/p>\n","protected":false},"author":3,"featured_media":1338,"comment_status":"closed","ping_status":"closed","sticky":false,"template":"","format":"standard","meta":{"footnotes":""},"categories":[23],"tags":[64,60,61,24],"class_list":["post-1072","post","type-post","status-publish","format-standard","has-post-thumbnail","hentry","category-cikkek","tag-azure","tag-bcp","tag-business-continuity-plan","tag-dynago"],"yoast_head":"<!-- This site is optimized with the Yoast SEO plugin v17.3 - https:\/\/yoast.com\/wordpress\/plugins\/seo\/ -->\n<title>Business Continuity Plan - A ment\u0151mell\u00e9ny katasztr\u00f3fa eset\u00e9n - Dynago<\/title>\n<meta name=\"robots\" content=\"index, follow, max-snippet:-1, max-image-preview:large, max-video-preview:-1\" \/>\n<link rel=\"canonical\" href=\"https:\/\/dynago.hu\/en\/business-continuity-plan-a-mentomelleny-katasztrofa-eseten\/\" \/>\n<meta property=\"og:locale\" content=\"en_US\" \/>\n<meta property=\"og:type\" content=\"article\" \/>\n<meta property=\"og:title\" content=\"Business Continuity Plan - A ment\u0151mell\u00e9ny katasztr\u00f3fa eset\u00e9n - Dynago\" \/>\n<meta property=\"og:description\" content=\"A trendeket tekintve egy\u00e9rtelm\u0171en l\u00e1that\u00f3 az az ir\u00e1ny, hogy feler\u0151s\u00f6dik az IT megold\u00e1sok szerepe, ha Business Continuity Plan-r\u0151l besz\u00e9l\u00fcnk. Egy ellen\u00e1ll\u00f3, biztons\u00e1gos \u00e9s m\u00e9gis rugalmas munkak\u00f6rnyezet alapelv\u00e1r\u00e1s lesz, kieg\u00e9sz\u00fclve a folyamatosan n\u00f6vekv\u0151 adatmennyis\u00e9g tov\u00e1bb\u00edt\u00e1si \u00e9s el\u00e9r\u00e9si ig\u00e9nyekkel.\u00a0Az \u00fczletmenet folytonoss\u00e1g t\u00f6bb mint n\u00e9ha biztons\u00e1gi ment\u00e9st v\u00e9gezni, de t\u00falmisztifik\u00e1lni sem kell.\" \/>\n<meta property=\"og:url\" content=\"https:\/\/dynago.hu\/en\/business-continuity-plan-a-mentomelleny-katasztrofa-eseten\/\" \/>\n<meta property=\"og:site_name\" content=\"Dynago\" \/>\n<meta property=\"article:published_time\" content=\"2022-02-11T10:08:42+00:00\" \/>\n<meta property=\"article:modified_time\" content=\"2023-02-14T15:42:18+00:00\" \/>\n<meta property=\"og:image\" content=\"https:\/\/dynago.hu\/wp-content\/uploads\/2022\/02\/admin-ajax-2.jpeg\" \/>\n\t<meta property=\"og:image:width\" content=\"612\" \/>\n\t<meta property=\"og:image:height\" content=\"408\" \/>\n<meta name=\"twitter:card\" content=\"summary_large_image\" \/>\n<meta name=\"twitter:label1\" content=\"Written by\" \/>\n\t<meta name=\"twitter:data1\" content=\"dynago\" \/>\n\t<meta name=\"twitter:label2\" content=\"Est. reading time\" \/>\n\t<meta name=\"twitter:data2\" content=\"4 minutes\" \/>\n<script type=\"application\/ld+json\" class=\"yoast-schema-graph\">{\"@context\":\"https:\/\/schema.org\",\"@graph\":[{\"@type\":\"WebSite\",\"@id\":\"https:\/\/dynago.hu\/en\/#website\",\"url\":\"https:\/\/dynago.hu\/en\/\",\"name\":\"Dynago\",\"description\":\"Dynago \\u2013 be dynamized!\",\"potentialAction\":[{\"@type\":\"SearchAction\",\"target\":{\"@type\":\"EntryPoint\",\"urlTemplate\":\"https:\/\/dynago.hu\/en\/?s={search_term_string}\"},\"query-input\":\"required name=search_term_string\"}],\"inLanguage\":\"en-US\"},{\"@type\":\"ImageObject\",\"@id\":\"https:\/\/dynago.hu\/en\/business-continuity-plan-a-mentomelleny-katasztrofa-eseten\/#primaryimage\",\"inLanguage\":\"en-US\",\"url\":\"https:\/\/dynago.hu\/wp-content\/uploads\/2022\/02\/admin-ajax-2.jpeg\",\"contentUrl\":\"https:\/\/dynago.hu\/wp-content\/uploads\/2022\/02\/admin-ajax-2.jpeg\",\"width\":612,\"height\":408},{\"@type\":\"WebPage\",\"@id\":\"https:\/\/dynago.hu\/en\/business-continuity-plan-a-mentomelleny-katasztrofa-eseten\/#webpage\",\"url\":\"https:\/\/dynago.hu\/en\/business-continuity-plan-a-mentomelleny-katasztrofa-eseten\/\",\"name\":\"Business Continuity Plan - A ment\\u0151mell\\u00e9ny katasztr\\u00f3fa eset\\u00e9n - Dynago\",\"isPartOf\":{\"@id\":\"https:\/\/dynago.hu\/en\/#website\"},\"primaryImageOfPage\":{\"@id\":\"https:\/\/dynago.hu\/en\/business-continuity-plan-a-mentomelleny-katasztrofa-eseten\/#primaryimage\"},\"datePublished\":\"2022-02-11T10:08:42+00:00\",\"dateModified\":\"2023-02-14T15:42:18+00:00\",\"author\":{\"@id\":\"https:\/\/dynago.hu\/en\/#\/schema\/person\/110345171acc6069aeb71e17bfc5e58a\"},\"breadcrumb\":{\"@id\":\"https:\/\/dynago.hu\/en\/business-continuity-plan-a-mentomelleny-katasztrofa-eseten\/#breadcrumb\"},\"inLanguage\":\"en-US\",\"potentialAction\":[{\"@type\":\"ReadAction\",\"target\":[\"https:\/\/dynago.hu\/en\/business-continuity-plan-a-mentomelleny-katasztrofa-eseten\/\"]}]},{\"@type\":\"BreadcrumbList\",\"@id\":\"https:\/\/dynago.hu\/en\/business-continuity-plan-a-mentomelleny-katasztrofa-eseten\/#breadcrumb\",\"itemListElement\":[{\"@type\":\"ListItem\",\"position\":1,\"name\":\"Business Continuity Plan &#8211; A ment\\u0151mell\\u00e9ny katasztr\\u00f3fa eset\\u00e9n\"}]},{\"@type\":\"Person\",\"@id\":\"https:\/\/dynago.hu\/en\/#\/schema\/person\/110345171acc6069aeb71e17bfc5e58a\",\"name\":\"dynago\",\"image\":{\"@type\":\"ImageObject\",\"@id\":\"https:\/\/dynago.hu\/en\/#personlogo\",\"inLanguage\":\"en-US\",\"url\":\"https:\/\/secure.gravatar.com\/avatar\/276972c5726ea445c04cace79e5def5719f3015535c95258f4e38c3b8364affe?s=96&d=mm&r=g\",\"contentUrl\":\"https:\/\/secure.gravatar.com\/avatar\/276972c5726ea445c04cace79e5def5719f3015535c95258f4e38c3b8364affe?s=96&d=mm&r=g\",\"caption\":\"dynago\"},\"url\":\"https:\/\/dynago.hu\/en\/author\/dynago\/\"}]}<\/script>\n<!-- \/ Yoast SEO plugin. -->","yoast_head_json":{"title":"Business Continuity Plan - A ment\u0151mell\u00e9ny katasztr\u00f3fa eset\u00e9n - Dynago","robots":{"index":"index","follow":"follow","max-snippet":"max-snippet:-1","max-image-preview":"max-image-preview:large","max-video-preview":"max-video-preview:-1"},"canonical":"https:\/\/dynago.hu\/en\/business-continuity-plan-a-mentomelleny-katasztrofa-eseten\/","og_locale":"en_US","og_type":"article","og_title":"Business Continuity Plan - A ment\u0151mell\u00e9ny katasztr\u00f3fa eset\u00e9n - Dynago","og_description":"A trendeket tekintve egy\u00e9rtelm\u0171en l\u00e1that\u00f3 az az ir\u00e1ny, hogy feler\u0151s\u00f6dik az IT megold\u00e1sok szerepe, ha Business Continuity Plan-r\u0151l besz\u00e9l\u00fcnk. Egy ellen\u00e1ll\u00f3, biztons\u00e1gos \u00e9s m\u00e9gis rugalmas munkak\u00f6rnyezet alapelv\u00e1r\u00e1s lesz, kieg\u00e9sz\u00fclve a folyamatosan n\u00f6vekv\u0151 adatmennyis\u00e9g tov\u00e1bb\u00edt\u00e1si \u00e9s el\u00e9r\u00e9si ig\u00e9nyekkel.\u00a0Az \u00fczletmenet folytonoss\u00e1g t\u00f6bb mint n\u00e9ha biztons\u00e1gi ment\u00e9st v\u00e9gezni, de t\u00falmisztifik\u00e1lni sem kell.","og_url":"https:\/\/dynago.hu\/en\/business-continuity-plan-a-mentomelleny-katasztrofa-eseten\/","og_site_name":"Dynago","article_published_time":"2022-02-11T10:08:42+00:00","article_modified_time":"2023-02-14T15:42:18+00:00","og_image":[{"width":612,"height":408,"url":"https:\/\/dynago.hu\/wp-content\/uploads\/2022\/02\/admin-ajax-2.jpeg","type":"image\/jpeg"}],"twitter_card":"summary_large_image","twitter_misc":{"Written by":"dynago","Est. reading time":"4 minutes"},"schema":{"@context":"https:\/\/schema.org","@graph":[{"@type":"WebSite","@id":"https:\/\/dynago.hu\/en\/#website","url":"https:\/\/dynago.hu\/en\/","name":"Dynago","description":"Dynago \u2013 be dynamized!","potentialAction":[{"@type":"SearchAction","target":{"@type":"EntryPoint","urlTemplate":"https:\/\/dynago.hu\/en\/?s={search_term_string}"},"query-input":"required name=search_term_string"}],"inLanguage":"en-US"},{"@type":"ImageObject","@id":"https:\/\/dynago.hu\/en\/business-continuity-plan-a-mentomelleny-katasztrofa-eseten\/#primaryimage","inLanguage":"en-US","url":"https:\/\/dynago.hu\/wp-content\/uploads\/2022\/02\/admin-ajax-2.jpeg","contentUrl":"https:\/\/dynago.hu\/wp-content\/uploads\/2022\/02\/admin-ajax-2.jpeg","width":612,"height":408},{"@type":"WebPage","@id":"https:\/\/dynago.hu\/en\/business-continuity-plan-a-mentomelleny-katasztrofa-eseten\/#webpage","url":"https:\/\/dynago.hu\/en\/business-continuity-plan-a-mentomelleny-katasztrofa-eseten\/","name":"Business Continuity Plan - A ment\u0151mell\u00e9ny katasztr\u00f3fa eset\u00e9n - Dynago","isPartOf":{"@id":"https:\/\/dynago.hu\/en\/#website"},"primaryImageOfPage":{"@id":"https:\/\/dynago.hu\/en\/business-continuity-plan-a-mentomelleny-katasztrofa-eseten\/#primaryimage"},"datePublished":"2022-02-11T10:08:42+00:00","dateModified":"2023-02-14T15:42:18+00:00","author":{"@id":"https:\/\/dynago.hu\/en\/#\/schema\/person\/110345171acc6069aeb71e17bfc5e58a"},"breadcrumb":{"@id":"https:\/\/dynago.hu\/en\/business-continuity-plan-a-mentomelleny-katasztrofa-eseten\/#breadcrumb"},"inLanguage":"en-US","potentialAction":[{"@type":"ReadAction","target":["https:\/\/dynago.hu\/en\/business-continuity-plan-a-mentomelleny-katasztrofa-eseten\/"]}]},{"@type":"BreadcrumbList","@id":"https:\/\/dynago.hu\/en\/business-continuity-plan-a-mentomelleny-katasztrofa-eseten\/#breadcrumb","itemListElement":[{"@type":"ListItem","position":1,"name":"Business Continuity Plan &#8211; A ment\u0151mell\u00e9ny katasztr\u00f3fa eset\u00e9n"}]},{"@type":"Person","@id":"https:\/\/dynago.hu\/en\/#\/schema\/person\/110345171acc6069aeb71e17bfc5e58a","name":"dynago","image":{"@type":"ImageObject","@id":"https:\/\/dynago.hu\/en\/#personlogo","inLanguage":"en-US","url":"https:\/\/secure.gravatar.com\/avatar\/276972c5726ea445c04cace79e5def5719f3015535c95258f4e38c3b8364affe?s=96&d=mm&r=g","contentUrl":"https:\/\/secure.gravatar.com\/avatar\/276972c5726ea445c04cace79e5def5719f3015535c95258f4e38c3b8364affe?s=96&d=mm&r=g","caption":"dynago"},"url":"https:\/\/dynago.hu\/en\/author\/dynago\/"}]}},"_links":{"self":[{"href":"https:\/\/dynago.hu\/en\/wp-json\/wp\/v2\/posts\/1072","targetHints":{"allow":["GET"]}}],"collection":[{"href":"https:\/\/dynago.hu\/en\/wp-json\/wp\/v2\/posts"}],"about":[{"href":"https:\/\/dynago.hu\/en\/wp-json\/wp\/v2\/types\/post"}],"author":[{"embeddable":true,"href":"https:\/\/dynago.hu\/en\/wp-json\/wp\/v2\/users\/3"}],"replies":[{"embeddable":true,"href":"https:\/\/dynago.hu\/en\/wp-json\/wp\/v2\/comments?post=1072"}],"version-history":[{"count":11,"href":"https:\/\/dynago.hu\/en\/wp-json\/wp\/v2\/posts\/1072\/revisions"}],"predecessor-version":[{"id":1597,"href":"https:\/\/dynago.hu\/en\/wp-json\/wp\/v2\/posts\/1072\/revisions\/1597"}],"wp:featuredmedia":[{"embeddable":true,"href":"https:\/\/dynago.hu\/en\/wp-json\/wp\/v2\/media\/1338"}],"wp:attachment":[{"href":"https:\/\/dynago.hu\/en\/wp-json\/wp\/v2\/media?parent=1072"}],"wp:term":[{"taxonomy":"category","embeddable":true,"href":"https:\/\/dynago.hu\/en\/wp-json\/wp\/v2\/categories?post=1072"},{"taxonomy":"post_tag","embeddable":true,"href":"https:\/\/dynago.hu\/en\/wp-json\/wp\/v2\/tags?post=1072"}],"curies":[{"name":"wp","href":"https:\/\/api.w.org\/{rel}","templated":true}]}}