{"id":1608,"date":"2023-03-15T10:57:13","date_gmt":"2023-03-15T08:57:13","guid":{"rendered":"https:\/\/dynago.hu\/?p=1608"},"modified":"2024-01-15T13:04:16","modified_gmt":"2024-01-15T11:04:16","slug":"az-energetikai-cegek-projektekben-gondolkodnak-igy-valasztanak-erp-rendszert-is","status":"publish","type":"post","link":"https:\/\/dynago.hu\/en\/az-energetikai-cegek-projektekben-gondolkodnak-igy-valasztanak-erp-rendszert-is\/","title":{"rendered":"Az energetikai c\u00e9gek projektekben gondolkodnak, \u00edgy v\u00e1lasztanak ERP rendszert is"},"content":{"rendered":"<p><strong>A Dynago IT fejleszt\u0151 \u00e9s tan\u00e1csad\u00f3 c\u00e9g \u00fcgyvezet\u0151je szerint az energiaszektorban dolgoz\u00f3 c\u00e9gek saj\u00e1tosan, ink\u00e1bb projektekben gondolkodnak, legyen sz\u00f3 \u00faj beruh\u00e1z\u00e1s megval\u00f3s\u00edt\u00e1s\u00e1r\u00f3l vagy \u00faj berendez\u00e9sek telep\u00edt\u00e9s\u00e9r\u0151l. Ezeket lehet, hogy k\u00fcl\u00f6n val\u00f3s\u00edtj\u00e1k meg, ugyanakkor konszolid\u00e1lni is akarj\u00e1k mindezt a megv\u00e1s\u00e1rolt szoftverrel. Abszol\u00fat elv\u00e1r\u00e1s a home office kezel\u00e9se, azaz a t\u00e1volr\u00f3l t\u00f6rt\u00e9n\u0151 hozz\u00e1f\u00e9r\u00e9s biztos\u00edt\u00e1sa. Ezek a k\u00e9r\u00e9sek m\u00e1r mind be\u00e9p\u00fcltek az alap-elv\u00e1r\u00e1sok k\u00f6z\u00e9, amire egy j\u00f3 rendszerintegr\u00e1tornak korszer\u0171 megold\u00e1st kell tudni ny\u00fajtani \u2013 Kulcs\u00e1r Melinda interj\u00fat adott az <a href=\"https:\/\/nrgreport.com\/cikk\/2023\/02\/23\/az-energetikai-cegek-projektekben-gondolkodnak-igy-valasztanak-erp-rendszert-is\/\" target=\"_blank\" rel=\"noopener\">NRGreportnak<\/a>. Az interj\u00fat v\u00e1ltozatlanul k\u00f6z\u00f6lj\u00fck.<\/strong><\/p>\n<p>&nbsp;<\/p>\n<h3>Kell m\u00e9g magyar\u00e1zni a KKV szektor sz\u00e1m\u00e1ra, hogy mi is az a v\u00e1llalati ir\u00e1ny\u00edt\u00e1si rendszer, \u00e9s hogyan tud hat\u00e9konys\u00e1got n\u00f6velni?<\/h3>\n<p>A biztons\u00e1gos \u00e9s gyors adatkezel\u00e9s ma m\u00e1r a legt\u00f6bb szektorban kulcsfontoss\u00e1g\u00fa szerepet t\u00f6lt be. Az adatok megfelel\u0151 kezel\u00e9s\u00e9re hat\u00e9kony megold\u00e1st biztos\u00edtanak a r\u00f6viden csak ERP-k\u00e9nt emlegetett v\u00e1llalatir\u00e1ny\u00edt\u00e1si rendszerek.<\/p>\n<blockquote><p><strong>Ma m\u00e1r eljutottunk oda, hogy nem ijednek meg a kis- \u00e9s k\u00f6zepes v\u00e1llalatok sem, ha ERP-r\u0151l esik sz\u00f3, mert m\u00e1r tudj\u00e1k, hogy az nem m\u00e1s, mint egy olyan rendszer, amely gyakorlatilag \u00f6sszes\u00edti a v\u00e1llalat \u00e1ltal eleve haszn\u00e1lt strukt\u00fara adatait egy k\u00f6zponti rendszerbe. \u00c9s ez nekik ugye az\u00e9rt nagyon j\u00f3, mert n\u00f6veli az \u00e1tl\u00e1that\u00f3s\u00e1got, az \u00fczleti folyamatok automatiz\u00e1l\u00e1s\u00e1nak lehet\u0151s\u00e9g\u00e9t, illetve a munkafolyamatok hat\u00e9konys\u00e1g\u00e1t.<\/strong><\/p><\/blockquote>\n<p>R\u00e1ad\u00e1sul mivel a legt\u00f6bb kkv m\u00e1r most is haszn\u00e1l valamilyen k\u00f6zponti rendszert, \u00edgy nem is egy teljesen \u00faj sziszt\u00e9ma bevezet\u00e9s\u00e9r\u0151l besz\u00e9l\u00fcnk eset\u00fckben sem, hanem sokkal ink\u00e1bb ezek lecser\u00e9l\u00e9s\u00e9r\u0151l, friss\u00edt\u00e9s\u00e9r\u0151l, moderniz\u00e1l\u00e1s\u00e1r\u00f3l vagy \u00e9ppen komplexebb\u00e9 t\u00e9tel\u00e9r\u0151l. Teh\u00e1t j\u00f3 h\u00edr, hogy az elm\u00falt \u00e9vekben sokat fejl\u0151d\u00f6tt a v\u00e1llalatir\u00e1ny\u00edt\u00e1si szeml\u00e9let, \u00e9s a c\u00e9gvezet\u0151k pontosan \u00e9rtik, mit hoz ez a konyh\u00e1ra.<\/p>\n<p>&nbsp;<\/p>\n<h3>Az ERP rendszerek \u00fajabb v\u00e1ltozatai milyen el\u0151ny\u00f6ket k\u00edn\u00e1lnak azon v\u00e1llalatok sz\u00e1m\u00e1ra, akik most d\u00f6nten\u00e9nek a bevezet\u00e9s mellett?<\/h3>\n<p>Az egyik f\u0151 v\u00e1ltozat a m\u00e1r j\u00f3l ismert on-prem (telep\u00edtett) rendszer, illetve emellett megjelent a SaaS (b\u00e9relhet\u0151 \u2013 software as a service) verzi\u00f3 is. A v\u00e1llalatir\u00e1ny\u00edt\u00e1si rendszerek \u00fajabb t\u00edpusai term\u00e9szetesen felh\u0151 alap\u00fa rendszereken kereszt\u00fcl is el\u00e9rhet\u0151k. <strong>A felh\u0151 alap\u00fa szoftverszolg\u00e1ltat\u00e1sok sor\u00e1n a felhaszn\u00e1l\u00f3k az interneten kereszt\u00fcl is tudnak kapcsol\u00f3dni, \u00edgy haszn\u00e1lj\u00e1k az ERP rendszert, azaz a t\u00e1voli munkav\u00e9gz\u00e9s sor\u00e1n is k\u00f6nnyen el\u00e9rhet\u0151k a c\u00e9ges adatok.<\/strong> Nem kell magyar\u00e1zni, hogy ennek ma m\u00e1r mekkora jelent\u0151s\u00e9ge van. Ezt \u00fagy kell elk\u00e9pzelni, hogy a h\u00e1tt\u00e9r-infrastrukt\u00fara, a k\u00f6zbens\u0151 szoftverek, az alkalmaz\u00e1sok \u00e9s az alkalmaz\u00e1sadatok teljes eg\u00e9sz\u00e9ben a szolg\u00e1ltat\u00f3 adatk\u00f6zpontj\u00e1ban tal\u00e1lhat\u00f3k. A szolg\u00e1ltat\u00f3 fel\u00fcgyeli a hardvereszk\u00f6z\u00f6ket, valamint a szoftvert, \u00e9s a megfelel\u0151 szolg\u00e1ltat\u00e1si szerz\u0151d\u00e9s alapj\u00e1n \u0151 gondoskodik az alkalmaz\u00e1s \u00e9s az adatok el\u00e9rhet\u0151s\u00e9g\u00e9r\u0151l \u00e9s biztons\u00e1g\u00e1r\u00f3l is.<\/p>\n<div id=\"attachment_1614\" style=\"width: 1510px\" class=\"wp-caption alignnone\"><img loading=\"lazy\" decoding=\"async\" aria-describedby=\"caption-attachment-1614\" class=\"wp-image-1614 size-extra_large\" src=\"https:\/\/dynago.hu\/wp-content\/uploads\/2023\/03\/Kulcsar-Melinda-dynago-2-1536x1024-1-1500x1000.jpeg\" alt=\"\" width=\"1500\" height=\"1000\" srcset=\"https:\/\/dynago.hu\/wp-content\/uploads\/2023\/03\/Kulcsar-Melinda-dynago-2-1536x1024-1-1500x1000.jpeg 1500w, https:\/\/dynago.hu\/wp-content\/uploads\/2023\/03\/Kulcsar-Melinda-dynago-2-1536x1024-1-300x200.jpeg 300w, https:\/\/dynago.hu\/wp-content\/uploads\/2023\/03\/Kulcsar-Melinda-dynago-2-1536x1024-1-1030x687.jpeg 1030w, https:\/\/dynago.hu\/wp-content\/uploads\/2023\/03\/Kulcsar-Melinda-dynago-2-1536x1024-1-768x512.jpeg 768w, https:\/\/dynago.hu\/wp-content\/uploads\/2023\/03\/Kulcsar-Melinda-dynago-2-1536x1024-1-705x470.jpeg 705w, https:\/\/dynago.hu\/wp-content\/uploads\/2023\/03\/Kulcsar-Melinda-dynago-2-1536x1024-1.jpeg 1536w\" sizes=\"auto, (max-width: 1500px) 100vw, 1500px\" \/><p id=\"caption-attachment-1614\" class=\"wp-caption-text\">Kulcs\u00e1r Melinda, a DynaGo IT fejleszt\u0151 \u00e9s tan\u00e1csad\u00f3 c\u00e9g \u00fcgyvezet\u0151je<\/p><\/div>\n<p>&nbsp;<\/p>\n<h3>A felh\u0151be integr\u00e1lt ERP kapcs\u00e1n sok k\u00e9rd\u00e9s felmer\u00fcl, \u00e1ltal\u00e1ban az adatbiztons\u00e1g sarkalatos k\u00e9rd\u00e9s, sokan emiatt tartanak a felh\u0151 haszn\u00e1latt\u00f3l\u2026 Mennyire biztons\u00e1gos egy felh\u0151alap\u00fa szoftver?<\/h3>\n<p>Ma m\u00e1r efel\u0151l egy\u00e1ltal\u00e1n nem kell agg\u00f3dni. A Microsoft biztons\u00e1gi megk\u00f6zel\u00edt\u00e9se p\u00e9ld\u00e1ul eg\u00e9szen kiemelked\u0151 az ipar\u00e1gban, emiatt is aj\u00e1nljuk rendszereiket \u00fcgyfeleinknek. A redmondiak a szolg\u00e1ltat\u00f3k k\u00f6z\u00fcl els\u0151k\u00e9nt vezett\u00e9k be p\u00e9ld\u00e1ul az ISO 27018 szabv\u00e1nyt \u2013 ez biztos\u00edtja, hogy a v\u00e1llalat \u00e9s \u00fcgyfelei adatait kiz\u00e1r\u00f3lag a meg\u00e1llapod\u00e1s szerinti szolg\u00e1ltat\u00e1sok ny\u00fajt\u00e1s\u00e1ra haszn\u00e1lj\u00e1k fel, \u00e9s azokat soha nem osztj\u00e1k meg harmadik f\u00e9llel rekl\u00e1m vagy marketing c\u00e9lj\u00e1ra. Ezenk\u00edv\u00fcl lehet\u0151s\u00e9get k\u00edn\u00e1l a hozz\u00e1f\u00e9r\u00e9s \u00e9s a jogosults\u00e1gok meghat\u00e1roz\u00e1s\u00e1ra \u00e9s \u00e9rv\u00e9nyes\u00edt\u00e9s\u00e9re. Emellett az is fontos, hogy a v\u00e1llalkoz\u00e1sok is tiszt\u00e1ban legyenek azzal, hogy hogyan kezelik az adataikat, f\u0151k\u00e9nt, mivel az adatok tulajdonosa tov\u00e1bbra is a v\u00e1llalkoz\u00e1s marad.<\/p>\n<p>&nbsp;<\/p>\n<h3>Hogyan alakulnak a k\u00f6lts\u00e9gei egy felh\u0151alap\u00fa ERP-nek?<\/h3>\n<p>Az\u00e9rt is szeretik az \u00fcgyfelek a felh\u0151t\u00edpus\u00fa rendszereket, mert itt lehet\u0151s\u00e9g van arra, hogy a szoftver megv\u00e1s\u00e1rl\u00e1sa helyett az \u00fcgyf\u00e9l csak egy adott alkalmaz\u00e1st b\u00e9reljen ki, ily m\u00f3don az SaaS rendszerek sokkal alacsonyabb beruh\u00e1z\u00e1si k\u00f6lts\u00e9get ig\u00e9nyelnek. Ezzel a digitaliz\u00e1lt fejleszt\u00e9sekbe val\u00f3 beruh\u00e1z\u00e1s tekintet\u00e9ben sokszor tart\u00f3zkod\u00f3bb kis- \u00e9s k\u00f6z\u00e9pv\u00e1llalatok sz\u00e1m\u00e1ra is el\u00e9rhet\u0151 megold\u00e1st k\u00edn\u00e1lnak. Ez a verzi\u00f3 j\u00f3 megold\u00e1s lehet azokn\u00e1l a szervezetekn\u00e9l is, akik rugalmasan szeretn\u00e9k n\u00f6velni, illetve cs\u00f6kkenteni a felhaszn\u00e1l\u00f3k sz\u00e1m\u00e1t, vagy p\u00e9ld\u00e1ul id\u0151szakos tev\u00e9kenys\u00e9g\u00fck miatt \u00e1tmenetileg t\u00f6bb munkav\u00e1llal\u00f3t foglalkoztatnak. Van olyan konstrukci\u00f3, ahol ak\u00e1r havonta v\u00e1ltoztathat\u00f3 a fizetett licencek sz\u00e1ma.<\/p>\n<p>&nbsp;<\/p>\n<h3>Itt is kell szoftverfriss\u00edt\u00e9ssel sz\u00e1molni, vagy mennyire naprak\u00e9szek ezek a rendszerek?<\/h3>\n<p>Az \u00faj v\u00e1llalatir\u00e1ny\u00edt\u00e1si rendszerek ma m\u00e1r nagyon korszer\u0171ek \u00e9s a naprak\u00e9sz verzi\u00f3k\u00f6vet\u00e9st is el\u0151seg\u00edtik. M\u00edg r\u00e9gebben egy verzi\u00f3friss\u00edt\u00e9s komoly anyagi \u00e9s id\u0151beli r\u00e1ford\u00edt\u00e1st ig\u00e9nyelt az \u00fcgyfelekt\u0151l, ez ma m\u00e1r sokkal egyszer\u0171bben kivitelezhet\u0151. A Microsoft szoftverek eset\u00e9ben p\u00e9ld\u00e1ul, lehets\u00e9ges, a rendszerbe illesztett egyedi fejleszt\u00e9seket \u00fagy implement\u00e1lni, hogy a rendszer core k\u00f3d k\u00e9szlet\u00e9t \u00e9rintetlen\u00fcl hagyjuk. Mind\u00f6ssze csak a rendszer magj\u00e1t cser\u00e9lj\u00fck le az \u00faj verzi\u00f3ra, ez\u00e1ltal az \u00fcgyf\u00e9lspecifikus, egyedi fejleszt\u00e9sek \u00e9rintetlen\u00fcl futnak tov\u00e1bb a friss verzi\u00f3n. Annak \u00e9rdek\u00e9ben, hogy ez val\u00f3ban \u00edgy m\u0171k\u00f6dj\u00f6n, egy kik\u00f6t\u00e9s van: az egyedi fejleszt\u00e9seket \u00e9s testreszab\u00e1sokat a szoftver fejleszt\u00e9si el\u0151\u00edr\u00e1sainak megfelel\u0151en, a verzi\u00f3v\u00e1lt\u00e1sok z\u00f6kken\u0151mentes lefut\u00e1s\u00e1t el\u0151seg\u00edt\u0151 m\u00f3don kell elk\u00e9sz\u00edteni.<\/p>\n<p>&nbsp;<\/p>\n<h3>Mi ebb\u0151l a rendszerszolg\u00e1ltat\u00f3 \u00e9s mi az \u00fcgyf\u00e9lre h\u00e1rul\u00f3 teend\u0151?<\/h3>\n<p>Mi a Dynagon\u00e1l a friss\u00edt\u00e9sekkel j\u00e1r\u00f3 feladatokat teljes eg\u00e9sz\u00e9ben magunkra v\u00e1llaljuk. Figyelj\u00fck, hogy mikor jelennek meg a f\u0151verzi\u00f3k, mikor j\u00f6nnek ki a k\u00f6ztes friss\u00edt\u00e9sek, pont ez a szolg\u00e1ltat\u00e1s l\u00e9nyege, vagy mondhatn\u00e1m \u00fagyis, hogy ez szint\u00e9n egy olyan \u2013 nem csak k\u00e9nyelmi, de biztons\u00e1gi \u2013 szempont, ami igaz\u00e1n vonz\u00f3v\u00e1 teszi a megrendel\u0151 sz\u00e1m\u00e1ra a d\u00f6nt\u00e9st. R\u00e1ad\u00e1sul el\u0151sz\u00f6r mindent tesztel\u00fcnk az \u00fcgyfelek tesztrendszerein, \u00e9s ha a dolgok megfelel\u0151en m\u0171k\u00f6dnek, \u00e9rtes\u00edtj\u00fck \u0151ket, hogy rendszer\u00fckh\u00f6z el\u00e9rhet\u0151 az \u00faj verzi\u00f3, \u00e9s a j\u00f3v\u00e1hagy\u00e1suk mellett friss\u00edt\u00fcnk. \u00cdgy \u00fcgyfeleink minden esetben naprak\u00e9sz kiad\u00e1st haszn\u00e1lnak.<\/p>\n<p>&nbsp;<\/p>\n<h3>Milyen el\u0151nyei lehetnek az ERP haszn\u00e1latnak egy energiaszektorban m\u0171k\u00f6d\u0151 kkv-k sz\u00e1m\u00e1ra?<\/h3>\n<p>Tapasztalatunk szerint az energiaszektorban dolgoz\u00f3 c\u00e9gek projektben gondolkodnak az \u00faj beruh\u00e1z\u00e1sok megval\u00f3s\u00edt\u00e1sa vagy \u00faj berendez\u00e9sek telep\u00edt\u00e9se sor\u00e1n. Ezt a munkam\u00f3dszert maxim\u00e1lisan t\u00e1mogatja a Microsoft Business Central mind a projektek, mind projektszakaszok lebonyol\u00edt\u00e1sa, sz\u00e1ml\u00e1z\u00e1sa \u00e9s eredm\u00e9nyess\u00e9g\u00e9nek kimutat\u00e1sa ter\u00e9n. S\u0151t, az is el\u0151fordulhat, hogy ezeket a projekteket k\u00fcl\u00f6n c\u00e9gekben val\u00f3s\u00edtj\u00e1k meg, a Business Central ebben is partner, hiszen a rendszerben t\u00f6bb v\u00e1llalat kezel\u00e9se is megoldott, \u00e9s a sz\u00fcks\u00e9ges konszolid\u00e1ci\u00f3s folyamatokat is t\u00e1mogatja a szoftver. Ezenk\u00edv\u00fcl a home office ir\u00e1nti ig\u00e9ny, illetve az, hogy a munkat\u00e1rsak ak\u00e1r t\u00e1volr\u00f3l is k\u00f6nnyed\u00e9n hozz\u00e1f\u00e9rjenek a rendszerhez, szint\u00e9nt olyan, energiav\u00e1llalatokat \u00e9rint\u0151 kih\u00edv\u00e1sok, melyekre a Business Central adhat v\u00e1laszt.<\/p>\n<p>&nbsp;<\/p>\n<h3>Tudna mondani p\u00e1r p\u00e9ld\u00e1t, melyek azok a v\u00e1llalkoz\u00e1sok Magyarorsz\u00e1gon, akik m\u00e1r haszn\u00e1lnak MS Dynamics Business Central ERP rendszert?<\/h3>\n<p>\u00dcgyfeleink k\u00f6z\u00fcl az <strong>Ermico<\/strong> is haszn\u00e1lja a Microsoft Business Central integr\u00e1lt v\u00e1llalatir\u00e1ny\u00edt\u00e1si rendszer SaaS verzi\u00f3j\u00e1t. A v\u00e1llalat g\u00e9pek-berendez\u00e9sek \u00e9s az azokat \u00e9rint\u0151 mindennapi probl\u00e9m\u00e1k elh\u00e1r\u00edt\u00e1sa ter\u00e9n k\u00edn\u00e1l szolg\u00e1ltat\u00e1sokat alkatr\u00e9szek p\u00f3tl\u00e1sa, gy\u00e1rt\u00e1sa, kereskedelme, komplett g\u00e9pek sz\u00e1ll\u00edt\u00f3p\u00e1ly\u00e1k tervez\u00e9se, gy\u00e1rt\u00e1sa, telep\u00edt\u00e9se sor\u00e1n. A bevezetett v\u00e1llalatir\u00e1ny\u00edt\u00e1si rendszer lefedi a c\u00e9g \u00e1ltal kezelni k\u00edv\u00e1nt folyamatokat, amelyeket az Ermico Kft. ig\u00e9nyeire szabtunk az\u00e9rt, hogy a v\u00e1llalat gyorsan \u00e9s rugalmasan alkalmazkodhasson az \u00fcgyfelek \u00e1ltal megfogalmazott ig\u00e9nyekhez, k\u00e9r\u00e9sekhez, \u00e9s a lehet\u0151 legjobb \u00e1ron tudja kiszolg\u00e1lni vev\u0151it. Ennek \u00e9rdek\u00e9ben a kereskedelmi folyamat minden l\u00e9p\u00e9se integr\u00e1l\u00e1sra ker\u00fclt: vev\u0151i aj\u00e1nlatk\u00e9r\u00e9s, rendel\u00e9sek kezel\u00e9se, besz\u00e1ll\u00edt\u00f3i folyamatok \u00e9s teljes\u00edt\u00e9sigazol\u00e1sok, valamint sz\u00e1ml\u00e1z\u00e1s, tov\u00e1bb\u00e1 megval\u00f3s\u00edtottuk a projektek k\u00f6vet\u00e9s\u00e9t mind a besz\u00e1ll\u00edt\u00f3i, mind a vev\u0151i oldalon. Ezenk\u00edv\u00fcl az <strong>Electron Holdingt\u00f3l<\/strong> \u00e9s a <strong>Matrix Materials<\/strong> import \u00e9p\u00edt\u0151ipari anyagok magyarorsz\u00e1gi forgalmaz\u00e1s\u00e1ra szakosodott v\u00e1llalatt\u00f3l is kaptunk hasonl\u00f3, felh\u0151alap\u00fa v\u00e1llalatir\u00e1ny\u00edt\u00e1si rendszer bevezet\u00e9s\u00e9vel kapcsolatos megb\u00edz\u00e1st. \u00d6sszes\u00e9g\u00e9ben elmondhat\u00f3 teh\u00e1t, hogy az ERP rendszerek haszn\u00e1lata nem szektorspecifikus, k\u00fcl\u00f6nb\u00f6z\u0151 ipar\u00e1gak szerepl\u0151inek egyar\u00e1nt hasznos t\u00e1mogat\u00e1st ny\u00fajthat egy fejlett ERP rendszer.<\/p>\n<p>&nbsp;<\/p>\n<p>Fot\u00f3: DynaGo \/ F\u00e9nyes G\u00e1bor<\/p>\n","protected":false},"excerpt":{"rendered":"<p>A Dynago IT fejleszt\u0151 \u00e9s tan\u00e1csad\u00f3 c\u00e9g \u00fcgyvezet\u0151je szerint az energiaszektorban dolgoz\u00f3 c\u00e9gek saj\u00e1tosan, ink\u00e1bb projektekben gondolkodnak, legyen sz\u00f3 \u00faj beruh\u00e1z\u00e1s megval\u00f3s\u00edt\u00e1s\u00e1r\u00f3l vagy \u00faj berendez\u00e9sek telep\u00edt\u00e9s\u00e9r\u0151l. Ezeket lehet, hogy k\u00fcl\u00f6n val\u00f3s\u00edtj\u00e1k meg, ugyanakkor konszolid\u00e1lni is akarj\u00e1k mindezt a megv\u00e1s\u00e1rolt szoftverrel. Abszol\u00fat elv\u00e1r\u00e1s a home office kezel\u00e9se, azaz a t\u00e1volr\u00f3l t\u00f6rt\u00e9n\u0151 hozz\u00e1f\u00e9r\u00e9s biztos\u00edt\u00e1sa. Ezek a k\u00e9r\u00e9sek m\u00e1r mind be\u00e9p\u00fcltek az alap-elv\u00e1r\u00e1sok k\u00f6z\u00e9, amire egy j\u00f3 rendszerintegr\u00e1tornak korszer\u0171 megold\u00e1st kell tudni ny\u00fajtani \u2013 Kulcs\u00e1r Melinda interj\u00fat adott az NRGreportnak. Az interj\u00fat v\u00e1ltozatlanul k\u00f6z\u00f6lj\u00fck.<\/p>\n","protected":false},"author":3,"featured_media":1362,"comment_status":"closed","ping_status":"closed","sticky":false,"template":"","format":"standard","meta":{"footnotes":""},"categories":[23],"tags":[113,24,114,115,116,117,118,66,119,70,120,30,121,122,123],"class_list":["post-1608","post","type-post","status-publish","format-standard","has-post-thumbnail","hentry","category-cikkek","tag-business-central","tag-dynago","tag-electron-holding","tag-energetika","tag-energia","tag-energiaszektor","tag-ermico","tag-erp","tag-felhoalapu-szoftver","tag-kulcsar-melinda","tag-matrix-materials","tag-microsoft","tag-rendszerintegrator","tag-szoftverfejlesztes","tag-vallalatiranyitasi-rendszer"],"yoast_head":"<!-- This site is optimized with the Yoast SEO plugin v17.3 - https:\/\/yoast.com\/wordpress\/plugins\/seo\/ -->\n<title>Az energetikai c\u00e9gek projektekben gondolkodnak, \u00edgy v\u00e1lasztanak ERP rendszert is<\/title>\n<meta name=\"description\" content=\"A Dynago IT fejleszt\u0151 \u00e9s tan\u00e1csad\u00f3 c\u00e9g \u00fcgyvezet\u0151je szerint az energiaszektorban dolgoz\u00f3 c\u00e9gek saj\u00e1tosan, ink\u00e1bb projektekben gondolkodnak, legyen sz\u00f3 \u00faj beruh\u00e1z\u00e1s megval\u00f3s\u00edt\u00e1s\u00e1r\u00f3l vagy \u00faj berendez\u00e9sek telep\u00edt\u00e9s\u00e9r\u0151l. Ezeket lehet, hogy k\u00fcl\u00f6n val\u00f3s\u00edtj\u00e1k meg, ugyanakkor konszolid\u00e1lni is akarj\u00e1k mindezt a megv\u00e1s\u00e1rolt szoftverrel. Abszol\u00fat elv\u00e1r\u00e1s a home office kezel\u00e9se, azaz a t\u00e1volr\u00f3l t\u00f6rt\u00e9n\u0151 hozz\u00e1f\u00e9r\u00e9s biztos\u00edt\u00e1sa. Ezek a k\u00e9r\u00e9sek m\u00e1r mind be\u00e9p\u00fcltek az alap-elv\u00e1r\u00e1sok k\u00f6z\u00e9, amire egy j\u00f3 rendszerintegr\u00e1tornak korszer\u0171 megold\u00e1st kell tudni ny\u00fajtani \u2013 Kulcs\u00e1r Melinda interj\u00fat adott az NRGreportnak. Az interj\u00fat v\u00e1ltozatlanul k\u00f6z\u00f6lj\u00fck.\" \/>\n<meta name=\"robots\" content=\"index, follow, max-snippet:-1, max-image-preview:large, max-video-preview:-1\" \/>\n<link rel=\"canonical\" href=\"https:\/\/dynago.hu\/en\/az-energetikai-cegek-projektekben-gondolkodnak-igy-valasztanak-erp-rendszert-is\/\" \/>\n<meta property=\"og:locale\" content=\"en_US\" \/>\n<meta property=\"og:type\" content=\"article\" \/>\n<meta property=\"og:title\" content=\"Az energetikai c\u00e9gek projektekben gondolkodnak, \u00edgy v\u00e1lasztanak ERP rendszert is\" \/>\n<meta property=\"og:description\" content=\"A Dynago IT fejleszt\u0151 \u00e9s tan\u00e1csad\u00f3 c\u00e9g \u00fcgyvezet\u0151je szerint az energiaszektorban dolgoz\u00f3 c\u00e9gek saj\u00e1tosan, ink\u00e1bb projektekben gondolkodnak, legyen sz\u00f3 \u00faj beruh\u00e1z\u00e1s megval\u00f3s\u00edt\u00e1s\u00e1r\u00f3l vagy \u00faj berendez\u00e9sek telep\u00edt\u00e9s\u00e9r\u0151l. Ezeket lehet, hogy k\u00fcl\u00f6n val\u00f3s\u00edtj\u00e1k meg, ugyanakkor konszolid\u00e1lni is akarj\u00e1k mindezt a megv\u00e1s\u00e1rolt szoftverrel. Abszol\u00fat elv\u00e1r\u00e1s a home office kezel\u00e9se, azaz a t\u00e1volr\u00f3l t\u00f6rt\u00e9n\u0151 hozz\u00e1f\u00e9r\u00e9s biztos\u00edt\u00e1sa. Ezek a k\u00e9r\u00e9sek m\u00e1r mind be\u00e9p\u00fcltek az alap-elv\u00e1r\u00e1sok k\u00f6z\u00e9, amire egy j\u00f3 rendszerintegr\u00e1tornak korszer\u0171 megold\u00e1st kell tudni ny\u00fajtani \u2013 Kulcs\u00e1r Melinda interj\u00fat adott az NRGreportnak. Az interj\u00fat v\u00e1ltozatlanul k\u00f6z\u00f6lj\u00fck.\" \/>\n<meta property=\"og:url\" content=\"https:\/\/dynago.hu\/en\/az-energetikai-cegek-projektekben-gondolkodnak-igy-valasztanak-erp-rendszert-is\/\" \/>\n<meta property=\"og:site_name\" content=\"Dynago\" \/>\n<meta property=\"article:published_time\" content=\"2023-03-15T08:57:13+00:00\" \/>\n<meta property=\"article:modified_time\" content=\"2024-01-15T11:04:16+00:00\" \/>\n<meta property=\"og:image\" content=\"https:\/\/dynago.hu\/wp-content\/uploads\/2021\/08\/1664122281183.jpeg\" \/>\n\t<meta property=\"og:image:width\" content=\"612\" \/>\n\t<meta property=\"og:image:height\" content=\"408\" \/>\n<meta name=\"twitter:card\" content=\"summary_large_image\" \/>\n<meta name=\"twitter:label1\" content=\"Written by\" \/>\n\t<meta name=\"twitter:data1\" content=\"dynago\" \/>\n\t<meta name=\"twitter:label2\" content=\"Est. reading time\" \/>\n\t<meta name=\"twitter:data2\" content=\"6 minutes\" \/>\n<script type=\"application\/ld+json\" class=\"yoast-schema-graph\">{\"@context\":\"https:\/\/schema.org\",\"@graph\":[{\"@type\":\"WebSite\",\"@id\":\"https:\/\/dynago.hu\/en\/#website\",\"url\":\"https:\/\/dynago.hu\/en\/\",\"name\":\"Dynago\",\"description\":\"Dynago \\u2013 be dynamized!\",\"potentialAction\":[{\"@type\":\"SearchAction\",\"target\":{\"@type\":\"EntryPoint\",\"urlTemplate\":\"https:\/\/dynago.hu\/en\/?s={search_term_string}\"},\"query-input\":\"required name=search_term_string\"}],\"inLanguage\":\"en-US\"},{\"@type\":\"ImageObject\",\"@id\":\"https:\/\/dynago.hu\/en\/az-energetikai-cegek-projektekben-gondolkodnak-igy-valasztanak-erp-rendszert-is\/#primaryimage\",\"inLanguage\":\"en-US\",\"url\":\"https:\/\/dynago.hu\/wp-content\/uploads\/2021\/08\/1664122281183.jpeg\",\"contentUrl\":\"https:\/\/dynago.hu\/wp-content\/uploads\/2021\/08\/1664122281183.jpeg\",\"width\":612,\"height\":408},{\"@type\":\"WebPage\",\"@id\":\"https:\/\/dynago.hu\/en\/az-energetikai-cegek-projektekben-gondolkodnak-igy-valasztanak-erp-rendszert-is\/#webpage\",\"url\":\"https:\/\/dynago.hu\/en\/az-energetikai-cegek-projektekben-gondolkodnak-igy-valasztanak-erp-rendszert-is\/\",\"name\":\"Az energetikai c\\u00e9gek projektekben gondolkodnak, \\u00edgy v\\u00e1lasztanak ERP rendszert is\",\"isPartOf\":{\"@id\":\"https:\/\/dynago.hu\/en\/#website\"},\"primaryImageOfPage\":{\"@id\":\"https:\/\/dynago.hu\/en\/az-energetikai-cegek-projektekben-gondolkodnak-igy-valasztanak-erp-rendszert-is\/#primaryimage\"},\"datePublished\":\"2023-03-15T08:57:13+00:00\",\"dateModified\":\"2024-01-15T11:04:16+00:00\",\"author\":{\"@id\":\"https:\/\/dynago.hu\/en\/#\/schema\/person\/110345171acc6069aeb71e17bfc5e58a\"},\"description\":\"A Dynago IT fejleszt\\u0151 \\u00e9s tan\\u00e1csad\\u00f3 c\\u00e9g \\u00fcgyvezet\\u0151je szerint az energiaszektorban dolgoz\\u00f3 c\\u00e9gek saj\\u00e1tosan, ink\\u00e1bb projektekben gondolkodnak, legyen sz\\u00f3 \\u00faj beruh\\u00e1z\\u00e1s megval\\u00f3s\\u00edt\\u00e1s\\u00e1r\\u00f3l vagy \\u00faj berendez\\u00e9sek telep\\u00edt\\u00e9s\\u00e9r\\u0151l. Ezeket lehet, hogy k\\u00fcl\\u00f6n val\\u00f3s\\u00edtj\\u00e1k meg, ugyanakkor konszolid\\u00e1lni is akarj\\u00e1k mindezt a megv\\u00e1s\\u00e1rolt szoftverrel. Abszol\\u00fat elv\\u00e1r\\u00e1s a home office kezel\\u00e9se, azaz a t\\u00e1volr\\u00f3l t\\u00f6rt\\u00e9n\\u0151 hozz\\u00e1f\\u00e9r\\u00e9s biztos\\u00edt\\u00e1sa. Ezek a k\\u00e9r\\u00e9sek m\\u00e1r mind be\\u00e9p\\u00fcltek az alap-elv\\u00e1r\\u00e1sok k\\u00f6z\\u00e9, amire egy j\\u00f3 rendszerintegr\\u00e1tornak korszer\\u0171 megold\\u00e1st kell tudni ny\\u00fajtani \\u2013 Kulcs\\u00e1r Melinda interj\\u00fat adott az NRGreportnak. Az interj\\u00fat v\\u00e1ltozatlanul k\\u00f6z\\u00f6lj\\u00fck.\",\"breadcrumb\":{\"@id\":\"https:\/\/dynago.hu\/en\/az-energetikai-cegek-projektekben-gondolkodnak-igy-valasztanak-erp-rendszert-is\/#breadcrumb\"},\"inLanguage\":\"en-US\",\"potentialAction\":[{\"@type\":\"ReadAction\",\"target\":[\"https:\/\/dynago.hu\/en\/az-energetikai-cegek-projektekben-gondolkodnak-igy-valasztanak-erp-rendszert-is\/\"]}]},{\"@type\":\"BreadcrumbList\",\"@id\":\"https:\/\/dynago.hu\/en\/az-energetikai-cegek-projektekben-gondolkodnak-igy-valasztanak-erp-rendszert-is\/#breadcrumb\",\"itemListElement\":[{\"@type\":\"ListItem\",\"position\":1,\"name\":\"Az energetikai c\\u00e9gek projektekben gondolkodnak, \\u00edgy v\\u00e1lasztanak ERP rendszert is\"}]},{\"@type\":\"Person\",\"@id\":\"https:\/\/dynago.hu\/en\/#\/schema\/person\/110345171acc6069aeb71e17bfc5e58a\",\"name\":\"dynago\",\"image\":{\"@type\":\"ImageObject\",\"@id\":\"https:\/\/dynago.hu\/en\/#personlogo\",\"inLanguage\":\"en-US\",\"url\":\"https:\/\/secure.gravatar.com\/avatar\/276972c5726ea445c04cace79e5def5719f3015535c95258f4e38c3b8364affe?s=96&d=mm&r=g\",\"contentUrl\":\"https:\/\/secure.gravatar.com\/avatar\/276972c5726ea445c04cace79e5def5719f3015535c95258f4e38c3b8364affe?s=96&d=mm&r=g\",\"caption\":\"dynago\"},\"url\":\"https:\/\/dynago.hu\/en\/author\/dynago\/\"}]}<\/script>\n<!-- \/ Yoast SEO plugin. -->","yoast_head_json":{"title":"Az energetikai c\u00e9gek projektekben gondolkodnak, \u00edgy v\u00e1lasztanak ERP rendszert is","description":"A Dynago IT fejleszt\u0151 \u00e9s tan\u00e1csad\u00f3 c\u00e9g \u00fcgyvezet\u0151je szerint az energiaszektorban dolgoz\u00f3 c\u00e9gek saj\u00e1tosan, ink\u00e1bb projektekben gondolkodnak, legyen sz\u00f3 \u00faj beruh\u00e1z\u00e1s megval\u00f3s\u00edt\u00e1s\u00e1r\u00f3l vagy \u00faj berendez\u00e9sek telep\u00edt\u00e9s\u00e9r\u0151l. Ezeket lehet, hogy k\u00fcl\u00f6n val\u00f3s\u00edtj\u00e1k meg, ugyanakkor konszolid\u00e1lni is akarj\u00e1k mindezt a megv\u00e1s\u00e1rolt szoftverrel. Abszol\u00fat elv\u00e1r\u00e1s a home office kezel\u00e9se, azaz a t\u00e1volr\u00f3l t\u00f6rt\u00e9n\u0151 hozz\u00e1f\u00e9r\u00e9s biztos\u00edt\u00e1sa. Ezek a k\u00e9r\u00e9sek m\u00e1r mind be\u00e9p\u00fcltek az alap-elv\u00e1r\u00e1sok k\u00f6z\u00e9, amire egy j\u00f3 rendszerintegr\u00e1tornak korszer\u0171 megold\u00e1st kell tudni ny\u00fajtani \u2013 Kulcs\u00e1r Melinda interj\u00fat adott az NRGreportnak. Az interj\u00fat v\u00e1ltozatlanul k\u00f6z\u00f6lj\u00fck.","robots":{"index":"index","follow":"follow","max-snippet":"max-snippet:-1","max-image-preview":"max-image-preview:large","max-video-preview":"max-video-preview:-1"},"canonical":"https:\/\/dynago.hu\/en\/az-energetikai-cegek-projektekben-gondolkodnak-igy-valasztanak-erp-rendszert-is\/","og_locale":"en_US","og_type":"article","og_title":"Az energetikai c\u00e9gek projektekben gondolkodnak, \u00edgy v\u00e1lasztanak ERP rendszert is","og_description":"A Dynago IT fejleszt\u0151 \u00e9s tan\u00e1csad\u00f3 c\u00e9g \u00fcgyvezet\u0151je szerint az energiaszektorban dolgoz\u00f3 c\u00e9gek saj\u00e1tosan, ink\u00e1bb projektekben gondolkodnak, legyen sz\u00f3 \u00faj beruh\u00e1z\u00e1s megval\u00f3s\u00edt\u00e1s\u00e1r\u00f3l vagy \u00faj berendez\u00e9sek telep\u00edt\u00e9s\u00e9r\u0151l. Ezeket lehet, hogy k\u00fcl\u00f6n val\u00f3s\u00edtj\u00e1k meg, ugyanakkor konszolid\u00e1lni is akarj\u00e1k mindezt a megv\u00e1s\u00e1rolt szoftverrel. Abszol\u00fat elv\u00e1r\u00e1s a home office kezel\u00e9se, azaz a t\u00e1volr\u00f3l t\u00f6rt\u00e9n\u0151 hozz\u00e1f\u00e9r\u00e9s biztos\u00edt\u00e1sa. Ezek a k\u00e9r\u00e9sek m\u00e1r mind be\u00e9p\u00fcltek az alap-elv\u00e1r\u00e1sok k\u00f6z\u00e9, amire egy j\u00f3 rendszerintegr\u00e1tornak korszer\u0171 megold\u00e1st kell tudni ny\u00fajtani \u2013 Kulcs\u00e1r Melinda interj\u00fat adott az NRGreportnak. Az interj\u00fat v\u00e1ltozatlanul k\u00f6z\u00f6lj\u00fck.","og_url":"https:\/\/dynago.hu\/en\/az-energetikai-cegek-projektekben-gondolkodnak-igy-valasztanak-erp-rendszert-is\/","og_site_name":"Dynago","article_published_time":"2023-03-15T08:57:13+00:00","article_modified_time":"2024-01-15T11:04:16+00:00","og_image":[{"width":612,"height":408,"url":"https:\/\/dynago.hu\/wp-content\/uploads\/2021\/08\/1664122281183.jpeg","type":"image\/jpeg"}],"twitter_card":"summary_large_image","twitter_misc":{"Written by":"dynago","Est. reading time":"6 minutes"},"schema":{"@context":"https:\/\/schema.org","@graph":[{"@type":"WebSite","@id":"https:\/\/dynago.hu\/en\/#website","url":"https:\/\/dynago.hu\/en\/","name":"Dynago","description":"Dynago \u2013 be dynamized!","potentialAction":[{"@type":"SearchAction","target":{"@type":"EntryPoint","urlTemplate":"https:\/\/dynago.hu\/en\/?s={search_term_string}"},"query-input":"required name=search_term_string"}],"inLanguage":"en-US"},{"@type":"ImageObject","@id":"https:\/\/dynago.hu\/en\/az-energetikai-cegek-projektekben-gondolkodnak-igy-valasztanak-erp-rendszert-is\/#primaryimage","inLanguage":"en-US","url":"https:\/\/dynago.hu\/wp-content\/uploads\/2021\/08\/1664122281183.jpeg","contentUrl":"https:\/\/dynago.hu\/wp-content\/uploads\/2021\/08\/1664122281183.jpeg","width":612,"height":408},{"@type":"WebPage","@id":"https:\/\/dynago.hu\/en\/az-energetikai-cegek-projektekben-gondolkodnak-igy-valasztanak-erp-rendszert-is\/#webpage","url":"https:\/\/dynago.hu\/en\/az-energetikai-cegek-projektekben-gondolkodnak-igy-valasztanak-erp-rendszert-is\/","name":"Az energetikai c\u00e9gek projektekben gondolkodnak, \u00edgy v\u00e1lasztanak ERP rendszert is","isPartOf":{"@id":"https:\/\/dynago.hu\/en\/#website"},"primaryImageOfPage":{"@id":"https:\/\/dynago.hu\/en\/az-energetikai-cegek-projektekben-gondolkodnak-igy-valasztanak-erp-rendszert-is\/#primaryimage"},"datePublished":"2023-03-15T08:57:13+00:00","dateModified":"2024-01-15T11:04:16+00:00","author":{"@id":"https:\/\/dynago.hu\/en\/#\/schema\/person\/110345171acc6069aeb71e17bfc5e58a"},"description":"A Dynago IT fejleszt\u0151 \u00e9s tan\u00e1csad\u00f3 c\u00e9g \u00fcgyvezet\u0151je szerint az energiaszektorban dolgoz\u00f3 c\u00e9gek saj\u00e1tosan, ink\u00e1bb projektekben gondolkodnak, legyen sz\u00f3 \u00faj beruh\u00e1z\u00e1s megval\u00f3s\u00edt\u00e1s\u00e1r\u00f3l vagy \u00faj berendez\u00e9sek telep\u00edt\u00e9s\u00e9r\u0151l. Ezeket lehet, hogy k\u00fcl\u00f6n val\u00f3s\u00edtj\u00e1k meg, ugyanakkor konszolid\u00e1lni is akarj\u00e1k mindezt a megv\u00e1s\u00e1rolt szoftverrel. Abszol\u00fat elv\u00e1r\u00e1s a home office kezel\u00e9se, azaz a t\u00e1volr\u00f3l t\u00f6rt\u00e9n\u0151 hozz\u00e1f\u00e9r\u00e9s biztos\u00edt\u00e1sa. Ezek a k\u00e9r\u00e9sek m\u00e1r mind be\u00e9p\u00fcltek az alap-elv\u00e1r\u00e1sok k\u00f6z\u00e9, amire egy j\u00f3 rendszerintegr\u00e1tornak korszer\u0171 megold\u00e1st kell tudni ny\u00fajtani \u2013 Kulcs\u00e1r Melinda interj\u00fat adott az NRGreportnak. Az interj\u00fat v\u00e1ltozatlanul k\u00f6z\u00f6lj\u00fck.","breadcrumb":{"@id":"https:\/\/dynago.hu\/en\/az-energetikai-cegek-projektekben-gondolkodnak-igy-valasztanak-erp-rendszert-is\/#breadcrumb"},"inLanguage":"en-US","potentialAction":[{"@type":"ReadAction","target":["https:\/\/dynago.hu\/en\/az-energetikai-cegek-projektekben-gondolkodnak-igy-valasztanak-erp-rendszert-is\/"]}]},{"@type":"BreadcrumbList","@id":"https:\/\/dynago.hu\/en\/az-energetikai-cegek-projektekben-gondolkodnak-igy-valasztanak-erp-rendszert-is\/#breadcrumb","itemListElement":[{"@type":"ListItem","position":1,"name":"Az energetikai c\u00e9gek projektekben gondolkodnak, \u00edgy v\u00e1lasztanak ERP rendszert is"}]},{"@type":"Person","@id":"https:\/\/dynago.hu\/en\/#\/schema\/person\/110345171acc6069aeb71e17bfc5e58a","name":"dynago","image":{"@type":"ImageObject","@id":"https:\/\/dynago.hu\/en\/#personlogo","inLanguage":"en-US","url":"https:\/\/secure.gravatar.com\/avatar\/276972c5726ea445c04cace79e5def5719f3015535c95258f4e38c3b8364affe?s=96&d=mm&r=g","contentUrl":"https:\/\/secure.gravatar.com\/avatar\/276972c5726ea445c04cace79e5def5719f3015535c95258f4e38c3b8364affe?s=96&d=mm&r=g","caption":"dynago"},"url":"https:\/\/dynago.hu\/en\/author\/dynago\/"}]}},"_links":{"self":[{"href":"https:\/\/dynago.hu\/en\/wp-json\/wp\/v2\/posts\/1608","targetHints":{"allow":["GET"]}}],"collection":[{"href":"https:\/\/dynago.hu\/en\/wp-json\/wp\/v2\/posts"}],"about":[{"href":"https:\/\/dynago.hu\/en\/wp-json\/wp\/v2\/types\/post"}],"author":[{"embeddable":true,"href":"https:\/\/dynago.hu\/en\/wp-json\/wp\/v2\/users\/3"}],"replies":[{"embeddable":true,"href":"https:\/\/dynago.hu\/en\/wp-json\/wp\/v2\/comments?post=1608"}],"version-history":[{"count":5,"href":"https:\/\/dynago.hu\/en\/wp-json\/wp\/v2\/posts\/1608\/revisions"}],"predecessor-version":[{"id":1785,"href":"https:\/\/dynago.hu\/en\/wp-json\/wp\/v2\/posts\/1608\/revisions\/1785"}],"wp:featuredmedia":[{"embeddable":true,"href":"https:\/\/dynago.hu\/en\/wp-json\/wp\/v2\/media\/1362"}],"wp:attachment":[{"href":"https:\/\/dynago.hu\/en\/wp-json\/wp\/v2\/media?parent=1608"}],"wp:term":[{"taxonomy":"category","embeddable":true,"href":"https:\/\/dynago.hu\/en\/wp-json\/wp\/v2\/categories?post=1608"},{"taxonomy":"post_tag","embeddable":true,"href":"https:\/\/dynago.hu\/en\/wp-json\/wp\/v2\/tags?post=1608"}],"curies":[{"name":"wp","href":"https:\/\/api.w.org\/{rel}","templated":true}]}}